{"id":2207,"date":"2019-03-17T10:54:22","date_gmt":"2019-03-17T09:54:22","guid":{"rendered":"https:\/\/sintraportbcn.indianwebs.es\/comunicat-per-a-les-administracions-i-cossos-de-seguretat\/"},"modified":"2019-03-17T10:54:22","modified_gmt":"2019-03-17T09:54:22","slug":"comunicat-per-a-les-administracions-i-cossos-de-seguretat","status":"publish","type":"post","link":"https:\/\/sintraportbcn.com\/ca\/comunicat-per-a-les-administracions-i-cossos-de-seguretat\/","title":{"rendered":"COMUNICAT PER A LES ADMINISTRACIONS I COSSOS DE SEGURETAT"},"content":{"rendered":"<p>SINTRAPORT agraeix a tots els col\u00b7lectius les mostres de solidaritat, suport i missatges en les xarxes socials que es puguin produir a causa de la nostra lluita a aconseguir els nostres drets.<\/p>\n<p>\u00c9s important esmentar, que els problemes que t\u00e9 la nostra organitzaci\u00f3 respecte al nostre treball en el Port de Barcelona, nom\u00e9s i \u00fanicament el podem explicar amb total transpar\u00e8ncia i claredat nosaltres per a no crear confusions als mitjans informatius i a l&#8217;opini\u00f3 p\u00fablica.<\/p>\n<p><img loading=\"lazy\" decoding=\"async\" class=\"alignleft wp-image-67 size-medium\" src=\"\/wp-content\/uploads\/2019\/05\/MOvilizacion-Barcelona-2-1-225x300.jpg\" alt=\"\" width=\"225\" height=\"300\" \/><\/p>\n<p>\u00c9s per aix\u00f2 que agrair\u00edem als altres col\u00b7lectius que en aquest apartat nom\u00e9s el fes els dirigents de Sintraport , ja que som els art\u00edfexs d&#8217;aquesta mobilitzaci\u00f3 que es realitzar\u00e0 el dia 18 de mar\u00e7 de 2019.<\/p>\n<p>Per a nosaltres \u00e9s molt important la nostra imatge social i intentem sempre fer les nostres reivindicacions de la millor manera possible, informant i sol\u00b7licitant amb anterioritat dels nostres actes a les administracions competents i cossos de seguretat de l&#8217;estat per a defensar els nostres drets de forma pac\u00edfica sense alteracions ni desordre p\u00fablic.<\/p>\n<p>Dit aix\u00f2, Sintraport vol deixar clar que aquesta organitzaci\u00f3 no fa crida a cap altre col\u00b7lectiu perqu\u00e8 s&#8217;adhereixi a les nostres mobilitzacions o reivindicacions.<\/p>\n<p>Sense m\u00e9s, dir que esperem una bona mobilitzaci\u00f3 i informaci\u00f3 a tots els mitjans perqu\u00e8 quedi const\u00e0ncia de les nostres intencions, que no \u00e9s m\u00e9s que aconseguir els nostres objectius lluitant sempre de forma pac\u00edfica per\u00f2 digna per a la millora de les condicions de treball dels nostres associats.<\/p>\n<p>Com a major representant de l&#8217;organitzaci\u00f3 i en nom de tota la meva junta directiva, estarem sempre a la disposici\u00f3 de totes les administracions, mitjans de comunicaci\u00f3 i cossos de seguretat per a qualsevol tipus d&#8217;informaci\u00f3 o aclariment que sigui necess\u00e0ria.<\/p>\n<p>&nbsp;<\/p>\n<p><strong>Vicente Rodriguez Doblado.<\/strong><\/p>\n<p>President de Sintraport<\/p>\n","protected":false},"excerpt":{"rendered":"<p>SINTRAPORT agraeix a tots els col\u00b7lectius les mostres de solidaritat, suport i missatges en les xarxes socials que es puguin produir a causa de la nostra lluita a aconseguir els nostres drets. \u00c9s important esmentar, que els problemes que t\u00e9 la nostra organitzaci\u00f3 respecte al nostre treball en el Port de Barcelona, nom\u00e9s i \u00fanicament [&hellip;]<\/p>\n","protected":false},"author":1,"featured_media":0,"comment_status":"closed","ping_status":"closed","sticky":false,"template":"","format":"standard","meta":{"_acf_changed":false,"footnotes":""},"categories":[448],"tags":[],"class_list":["post-2207","post","type-post","status-publish","format-standard","hentry","category-noticies"],"acf":[],"_links":{"self":[{"href":"https:\/\/sintraportbcn.com\/ca\/wp-json\/wp\/v2\/posts\/2207","targetHints":{"allow":["GET"]}}],"collection":[{"href":"https:\/\/sintraportbcn.com\/ca\/wp-json\/wp\/v2\/posts"}],"about":[{"href":"https:\/\/sintraportbcn.com\/ca\/wp-json\/wp\/v2\/types\/post"}],"author":[{"embeddable":true,"href":"https:\/\/sintraportbcn.com\/ca\/wp-json\/wp\/v2\/users\/1"}],"replies":[{"embeddable":true,"href":"https:\/\/sintraportbcn.com\/ca\/wp-json\/wp\/v2\/comments?post=2207"}],"version-history":[{"count":0,"href":"https:\/\/sintraportbcn.com\/ca\/wp-json\/wp\/v2\/posts\/2207\/revisions"}],"wp:attachment":[{"href":"https:\/\/sintraportbcn.com\/ca\/wp-json\/wp\/v2\/media?parent=2207"}],"wp:term":[{"taxonomy":"category","embeddable":true,"href":"https:\/\/sintraportbcn.com\/ca\/wp-json\/wp\/v2\/categories?post=2207"},{"taxonomy":"post_tag","embeddable":true,"href":"https:\/\/sintraportbcn.com\/ca\/wp-json\/wp\/v2\/tags?post=2207"}],"curies":[{"name":"wp","href":"https:\/\/api.w.org\/{rel}","templated":true}]}}