{"id":2258,"date":"2021-09-13T09:25:32","date_gmt":"2021-09-13T07:25:32","guid":{"rendered":"https:\/\/sintraportbcn.indianwebs.es\/sintraport-mostra-el-seu-rebuig-a-la-prohibicio-de-circulacio-de-camions-per-lap7-imposada-per-la-generalitat\/"},"modified":"2021-09-13T09:25:32","modified_gmt":"2021-09-13T07:25:32","slug":"sintraport-mostra-el-seu-rebuig-a-la-prohibicio-de-circulacio-de-camions-per-lap7-imposada-per-la-generalitat","status":"publish","type":"post","link":"https:\/\/sintraportbcn.com\/ca\/sintraport-mostra-el-seu-rebuig-a-la-prohibicio-de-circulacio-de-camions-per-lap7-imposada-per-la-generalitat\/","title":{"rendered":"Sintraport mostra el seu rebuig a la prohibici\u00f3 de circulaci\u00f3 de camions per l&#8217;AP7 imposada per la Generalitat"},"content":{"rendered":"<p>L&#8217;associaci\u00f3, expressa el seu profund rebuig a una mesura que ha estat presa de manera unilateral generant un greu perjudici a curt termini per al sector i unes clares conseq\u00fc\u00e8ncies a mitj\u00e0 i llarg termini per al consumidor, que no trigar\u00e0 a notar els efectes d&#8217;una mesura, presa, \u00fanicament amb finalitats propagand\u00edstics.<\/p>\n<p>&nbsp;<\/p>\n<p>Sintraport s&#8217;uneix al rebuig generalitzat del transport a una acci\u00f3 que <a href=\"https:\/\/elmercantil.com\/2021\/09\/10\/catalunya-prohibe-la-circulacion-de-camiones-en-la-ap-7-durante-los-domingos-de-septiembre\/\">pret\u00e9n buscar culpables davant la falta de previsi\u00f3 dels responsables de tr\u00e0nsit, tractant, de nou, de fer responsable al transport pesat de les situacions que viuen les nostres carreteres.<\/a><\/p>\n<p>&nbsp;<\/p>\n<p>Segons el parer dels responsables de Sintraport, aquesta mesura, que pot tenir un efecte va dominar, suposa <a href=\"http:\/\/www.sintraportbcn.com\/fetransa-llama-la-atencion-sobre-la-imposibilidad-de-adaptar-el-transporte-a-los-requerimientos-de-bruselas\/\">dificultar m\u00e9s encara la labor de professionals que avui dia es troben immersos en un profund proc\u00e9s de transformaci\u00f3<\/a> i que no veuen cap suport a la seva activitat per part de la classe dirigent.<\/p>\n<p>&nbsp;<\/p>\n","protected":false},"excerpt":{"rendered":"<p>L&#8217;associaci\u00f3, expressa el seu profund rebuig a una mesura que ha estat presa de manera unilateral generant un greu perjudici a curt termini per al sector i unes clares conseq\u00fc\u00e8ncies a mitj\u00e0 i llarg termini per al consumidor, que no trigar\u00e0 a notar els efectes d&#8217;una mesura, presa, \u00fanicament amb finalitats propagand\u00edstics. &nbsp; Sintraport s&#8217;uneix [&hellip;]<\/p>\n","protected":false},"author":1,"featured_media":1814,"comment_status":"closed","ping_status":"closed","sticky":false,"template":"","format":"standard","meta":{"_acf_changed":false,"footnotes":""},"categories":[467],"tags":[511],"class_list":["post-2258","post","type-post","status-publish","format-standard","has-post-thumbnail","hentry","category-normativa","tag-generalitattransport-catalunya"],"acf":[],"_links":{"self":[{"href":"https:\/\/sintraportbcn.com\/ca\/wp-json\/wp\/v2\/posts\/2258","targetHints":{"allow":["GET"]}}],"collection":[{"href":"https:\/\/sintraportbcn.com\/ca\/wp-json\/wp\/v2\/posts"}],"about":[{"href":"https:\/\/sintraportbcn.com\/ca\/wp-json\/wp\/v2\/types\/post"}],"author":[{"embeddable":true,"href":"https:\/\/sintraportbcn.com\/ca\/wp-json\/wp\/v2\/users\/1"}],"replies":[{"embeddable":true,"href":"https:\/\/sintraportbcn.com\/ca\/wp-json\/wp\/v2\/comments?post=2258"}],"version-history":[{"count":0,"href":"https:\/\/sintraportbcn.com\/ca\/wp-json\/wp\/v2\/posts\/2258\/revisions"}],"wp:featuredmedia":[{"embeddable":true,"href":"https:\/\/sintraportbcn.com\/ca\/wp-json\/wp\/v2\/media\/1814"}],"wp:attachment":[{"href":"https:\/\/sintraportbcn.com\/ca\/wp-json\/wp\/v2\/media?parent=2258"}],"wp:term":[{"taxonomy":"category","embeddable":true,"href":"https:\/\/sintraportbcn.com\/ca\/wp-json\/wp\/v2\/categories?post=2258"},{"taxonomy":"post_tag","embeddable":true,"href":"https:\/\/sintraportbcn.com\/ca\/wp-json\/wp\/v2\/tags?post=2258"}],"curies":[{"name":"wp","href":"https:\/\/api.w.org\/{rel}","templated":true}]}}