{"id":2259,"date":"2021-11-11T09:52:06","date_gmt":"2021-11-11T08:52:06","guid":{"rendered":"https:\/\/sintraportbcn.indianwebs.es\/tot-el-transport-es-mobilitzara-al-desembre-davant-el-desinteres-del-govern-per-solucionar-els-problemes-del-sector\/"},"modified":"2021-11-11T09:52:06","modified_gmt":"2021-11-11T08:52:06","slug":"tot-el-transport-es-mobilitzara-al-desembre-davant-el-desinteres-del-govern-per-solucionar-els-problemes-del-sector","status":"publish","type":"post","link":"https:\/\/sintraportbcn.com\/ca\/tot-el-transport-es-mobilitzara-al-desembre-davant-el-desinteres-del-govern-per-solucionar-els-problemes-del-sector\/","title":{"rendered":"Tot el transport es mobilitzar\u00e0 al desembre davant el desinter\u00e8s del govern per solucionar els problemes del sector"},"content":{"rendered":"<p>Mobilitzaci\u00f3 del \u00a0transport. En atenci\u00f3 a l&#8217;estat d&#8217;aband\u00f3 per part del Govern d&#8217;Espanya al sector de el\u00a0transport de mercaderies per carretera, despr\u00e9s de diversos anys de negociaci\u00f3 al voltant de el\u00a0paquet reivindicatiu del 20 de febrer del 2020, amb temes com: la prohibici\u00f3 que els conductors realitzin la c\u00e0rrega i desc\u00e0rrega dels camions, la no implantaci\u00f3 d&#8217;Eurovinyeta, aplicaci\u00f3 obligat\u00f2ria de la cl\u00e0usula de revisi\u00f3 del cost del combustible, <a href=\"http:\/\/www.sintraportbcn.com\/la-ola-de-frio-pone-en-evidencia-las-carencias-de-las-areas-de-vialidad-invernal\/\">la construcci\u00f3 d&#8217;\u00e0rees de descans segures per als professionals,<\/a> entre altres, havent-se esgotat la paci\u00e8ncia del sector i els canals raonables de\u00a0negociaci\u00f3, al que s&#8217;uneix l&#8217;absoluta falta de sensibilitat per part dels nostres clients en la present conjuntura econ\u00f2mica, els qui s&#8217;aprofiten de la posici\u00f3 de domini que li concedeix la vigent regulaci\u00f3 del contracte de transport de mercaderies per carretera, que est\u00e0 provocant fins i tot un enorme problema de falta de conductors professionals, davant el tracte degradant i inhum\u00e0 en les \u00a0condicions en les quals fan el seu treball.<\/p>\n<p>Mobilitzaci\u00f3 del transport<\/p>\n<p>Per tot aix\u00f2 aquest Comit\u00e8 Nacional del Transport per Carretera, en el seu Departament de Mercaderies, es veu obligat a convocar uns dies de cessament d&#8217;activitat entre les 24 hores del dia 19 de desembre i les 24 hores del 22 de desembre del present any. Nom\u00e9s un canvi radical i urgent per part de Govern i clients podria evitar aquest conflicte.<\/p>\n<p><a href=\"https:\/\/www.abc.es\/economia\/abci-camioneros-anuncian-huelgas-entre-19-y-22-diciembre-202111102029_noticia.html\">La mobilitzaci\u00f3 del \u00a0transport es concretar\u00e0 en les pr\u00f2ximes setmanes<\/a><\/p>\n","protected":false},"excerpt":{"rendered":"<p>Mobilitzaci\u00f3 del \u00a0transport. En atenci\u00f3 a l&#8217;estat d&#8217;aband\u00f3 per part del Govern d&#8217;Espanya al sector de el\u00a0transport de mercaderies per carretera, despr\u00e9s de diversos anys de negociaci\u00f3 al voltant de el\u00a0paquet reivindicatiu del 20 de febrer del 2020, amb temes com: la prohibici\u00f3 que els conductors realitzin la c\u00e0rrega i desc\u00e0rrega dels camions, la no [&hellip;]<\/p>\n","protected":false},"author":1,"featured_media":1817,"comment_status":"closed","ping_status":"closed","sticky":false,"template":"","format":"standard","meta":{"_acf_changed":false,"footnotes":""},"categories":[411],"tags":[412],"class_list":["post-2259","post","type-post","status-publish","format-standard","has-post-thumbnail","hentry","category-fetransaministerio-de-transportemovilizacion","tag-gobierno-de-espanasintraport"],"acf":[],"_links":{"self":[{"href":"https:\/\/sintraportbcn.com\/ca\/wp-json\/wp\/v2\/posts\/2259","targetHints":{"allow":["GET"]}}],"collection":[{"href":"https:\/\/sintraportbcn.com\/ca\/wp-json\/wp\/v2\/posts"}],"about":[{"href":"https:\/\/sintraportbcn.com\/ca\/wp-json\/wp\/v2\/types\/post"}],"author":[{"embeddable":true,"href":"https:\/\/sintraportbcn.com\/ca\/wp-json\/wp\/v2\/users\/1"}],"replies":[{"embeddable":true,"href":"https:\/\/sintraportbcn.com\/ca\/wp-json\/wp\/v2\/comments?post=2259"}],"version-history":[{"count":0,"href":"https:\/\/sintraportbcn.com\/ca\/wp-json\/wp\/v2\/posts\/2259\/revisions"}],"wp:featuredmedia":[{"embeddable":true,"href":"https:\/\/sintraportbcn.com\/ca\/wp-json\/wp\/v2\/media\/1817"}],"wp:attachment":[{"href":"https:\/\/sintraportbcn.com\/ca\/wp-json\/wp\/v2\/media?parent=2259"}],"wp:term":[{"taxonomy":"category","embeddable":true,"href":"https:\/\/sintraportbcn.com\/ca\/wp-json\/wp\/v2\/categories?post=2259"},{"taxonomy":"post_tag","embeddable":true,"href":"https:\/\/sintraportbcn.com\/ca\/wp-json\/wp\/v2\/tags?post=2259"}],"curies":[{"name":"wp","href":"https:\/\/api.w.org\/{rel}","templated":true}]}}