{"id":2261,"date":"2021-12-02T17:57:09","date_gmt":"2021-12-02T16:57:09","guid":{"rendered":"https:\/\/sintraportbcn.indianwebs.es\/el-comite-nacional-de-transport-rebutja-la-proposta-del-ministeri\/"},"modified":"2021-12-02T17:57:09","modified_gmt":"2021-12-02T16:57:09","slug":"el-comite-nacional-de-transport-rebutja-la-proposta-del-ministeri","status":"publish","type":"post","link":"https:\/\/sintraportbcn.com\/ca\/el-comite-nacional-de-transport-rebutja-la-proposta-del-ministeri\/","title":{"rendered":"El Comit\u00e8 Nacional de Transport rebutja la proposta del Ministeri"},"content":{"rendered":"<p>Atur en el transport. En el dia d&#8217;avui el Comit\u00e8 Nacional del Transport per Carretera (CNTC) ha estat convocat per la Secret\u00e0ria d&#8217;Estat, Isabel Pardo de Vera, amb la finalitat de valorar el document de treball rem\u00e8s des del Ministeri de Transports, Mobilitat i Agenda Urbana (MITMA) per a respondre a les peticions del sector, que ha convocat un atur patronal per als dies 20; 21 i 22 de desembre.<\/p>\n<p>&nbsp;<\/p>\n<p>En el curs de la reuni\u00f3 el President del CNTC, Carmelo Gonz\u00e1lez Sayas, ha\u00a0transm\u00e8s als responsables del MITMA l&#8217;acord adoptat pel ple d&#8217;aquest\u00a0organisme en el dia d&#8217;ahir, de rebutjar \u00edntegrament el document proposat per considerar que, <a href=\"http:\/\/www.sintraportbcn.com\/sintraport-analiza-en-la-realidad-del-transporte-y-los-motivos-del-paro-de-diciembre\/\">no sols no respon al sol\u00b7licitat pel sector, sin\u00f3 que fins i tot \u00e9s m\u00e9s restrictiu<\/a> que el comprom\u00eds assumit per l&#8217;anterior Secretari d&#8217;Estat, Pedro Saura, el passat 23 de juliol.<\/p>\n<p>&nbsp;<\/p>\n<p>No es d\u00f3na resposta adequada a q\u00fcestions com la prohibici\u00f3 de la participaci\u00f3 del\u00a0conductor en les operacions de c\u00e0rrega i desc\u00e0rrega; reducci\u00f3 temps d&#8217;espera;\u00a0aplicaci\u00f3 obligat\u00f2ria cl\u00e0usula de revisi\u00f3 preu del gasoil; devoluci\u00f3 imports\u00a0endarrerits del c\u00e8ntim sanitari; no aplicaci\u00f3 de l&#8217;Eurovinyeta i resta de punts\u00a0reivindicats des de fa anys.<\/p>\n<p>&nbsp;<\/p>\n<p>De la mateixa manera, es va acordar impugnar judicialment l&#8217;RD 983\/21 de 16 de novembre de concessi\u00f3 d&#8217;ajudes per a la transformaci\u00f3 de flotes, per entendre que \u00e9s greument discriminatori per al transport de mercaderies, quan es neguen ajudes a aquest sector que es concedeixen a altres vehicles impulsats per id\u00e8ntiques energies per a altres \u00e0rees de transport.<\/p>\n<p>&nbsp;<\/p>\n<p>El CNTC percep falta de voluntat d&#8217;arribar a un acord per part del Govern, per la qual cosa li ha convidat a realitzar una nova proposta que, cas de no estimar-se\u00a0suficient, pot suposar u<a href=\"https:\/\/www.autonomosenruta.com\/transporte-mercancias\/sector\/7948-transportistas-amenazan-paro-indefinido\">n enduriment de les condicions de l&#8217;atur en el transpor<\/a>t, que podria convertir-se en indefinit.<\/p>\n<p>&nbsp;<\/p>\n<p>Atur en el transport<\/p>\n<p>&nbsp;<\/p>\n<p><strong>\u00a0<\/strong><\/p>\n<p><b>\u00a0<\/b><\/p>\n","protected":false},"excerpt":{"rendered":"<p>Atur en el transport. En el dia d&#8217;avui el Comit\u00e8 Nacional del Transport per Carretera (CNTC) ha estat convocat per la Secret\u00e0ria d&#8217;Estat, Isabel Pardo de Vera, amb la finalitat de valorar el document de treball rem\u00e8s des del Ministeri de Transports, Mobilitat i Agenda Urbana (MITMA) per a respondre a les peticions del sector, [&hellip;]<\/p>\n","protected":false},"author":1,"featured_media":1823,"comment_status":"closed","ping_status":"closed","sticky":false,"template":"","format":"standard","meta":{"_acf_changed":false,"footnotes":""},"categories":[417],"tags":[418],"class_list":["post-2261","post","type-post","status-publish","format-standard","has-post-thumbnail","hentry","category-fetransaministerio-de-transportetransporte","tag-parosintraport"],"acf":[],"_links":{"self":[{"href":"https:\/\/sintraportbcn.com\/ca\/wp-json\/wp\/v2\/posts\/2261","targetHints":{"allow":["GET"]}}],"collection":[{"href":"https:\/\/sintraportbcn.com\/ca\/wp-json\/wp\/v2\/posts"}],"about":[{"href":"https:\/\/sintraportbcn.com\/ca\/wp-json\/wp\/v2\/types\/post"}],"author":[{"embeddable":true,"href":"https:\/\/sintraportbcn.com\/ca\/wp-json\/wp\/v2\/users\/1"}],"replies":[{"embeddable":true,"href":"https:\/\/sintraportbcn.com\/ca\/wp-json\/wp\/v2\/comments?post=2261"}],"version-history":[{"count":0,"href":"https:\/\/sintraportbcn.com\/ca\/wp-json\/wp\/v2\/posts\/2261\/revisions"}],"wp:featuredmedia":[{"embeddable":true,"href":"https:\/\/sintraportbcn.com\/ca\/wp-json\/wp\/v2\/media\/1823"}],"wp:attachment":[{"href":"https:\/\/sintraportbcn.com\/ca\/wp-json\/wp\/v2\/media?parent=2261"}],"wp:term":[{"taxonomy":"category","embeddable":true,"href":"https:\/\/sintraportbcn.com\/ca\/wp-json\/wp\/v2\/categories?post=2261"},{"taxonomy":"post_tag","embeddable":true,"href":"https:\/\/sintraportbcn.com\/ca\/wp-json\/wp\/v2\/tags?post=2261"}],"curies":[{"name":"wp","href":"https:\/\/api.w.org\/{rel}","templated":true}]}}