{"id":2266,"date":"2022-06-21T16:41:45","date_gmt":"2022-06-21T14:41:45","guid":{"rendered":"https:\/\/sintraportbcn.indianwebs.es\/fetransa-reclama-al-ministeri-dhisenda-una-resposta-oficial-enfront-de-la-prorroga-del-sistema-de-cotitzacio-per-moduls\/"},"modified":"2022-06-21T16:41:45","modified_gmt":"2022-06-21T14:41:45","slug":"fetransa-reclama-al-ministeri-dhisenda-una-resposta-oficial-enfront-de-la-prorroga-del-sistema-de-cotitzacio-per-moduls","status":"publish","type":"post","link":"https:\/\/sintraportbcn.com\/ca\/fetransa-reclama-al-ministeri-dhisenda-una-resposta-oficial-enfront-de-la-prorroga-del-sistema-de-cotitzacio-per-moduls\/","title":{"rendered":"Fetransa reclama al Ministeri d&#8217;Hisenda una resposta oficial enfront de la pr\u00f2rroga del sistema de cotitzaci\u00f3 per m\u00f2duls"},"content":{"rendered":"<p>&nbsp;<\/p>\n<p>La Federaci\u00f3 Espanyola de Transport Discrecional de mercaderies (FETRANSA), que representa a un important nombre de transportistes aut\u00f2noms i que ha treballat els \u00faltims 6 anys per a la consecuci\u00f3 de successives pr\u00f2rrogues, reclama una resposta oficial d&#8217;Hisenda en aquest exercici, a fi d&#8217;evitar la incertesa que genera en la preocupant actualitat del sector el desconeixement sobre els plans del govern.<\/p>\n<p>Per a Fetransa, <a href=\"https:\/\/www.cadenadesuministro.es\/noticias\/fetransa-pide-respuestas-sobre-la-continuidad-del-sistema-de-cotizacion-por-modulos\/\">la falta d&#8217;una comunicaci\u00f3 oficial no fa m\u00e9s que complicar la complexa situaci\u00f3 que viu el professional en moments en els quals la incertesa generada per m\u00faltiples factors, es converteix en un important problema per al desenvolupament de l&#8217;activitat. <\/a><\/p>\n<p>Aquesta nova pr\u00f2rroga, defensada i impulsada per <a href=\"http:\/\/www.sintraportbcn.com\/publicada-en-el-boe-la-prorroga-de-modulos\/\">Fetransa en els \u00faltims anys<\/a>, ajudaria a pal\u00b7liar la situaci\u00f3 de m\u00e9s de 27.000 professionals del transport pesat que continuen adscrits a aquest r\u00e8gim de fiscalitat.<\/p>\n<p>Com ja ha assenyalat en altres ocasions Fetransa, aquesta pr\u00f2rroga no suposa la soluci\u00f3 als m\u00faltiples problemes que viu el nostre sector, per\u00f2 permet mantenir l&#8217;activitat a l&#8217;espera del nou sistema de tributaci\u00f3 que el ministeri d&#8217;Hisenda segueix sense definir.<\/p>\n<p>En aquest sentit Fetransa insisteix que la tributaci\u00f3 per m\u00f2duls \u00e9s un sistema molt adequat per als petits transportistes, ja que \u00e9s un sistema senzill i f\u00e0cil d&#8217;aplicar per a aquells professionals que exerceixen al mateix temps les labors de conductor, mec\u00e0nic, comercial i administratiu en la seva empresa.<\/p>\n<p>Durant els pr\u00f2xims dies, Fetransa traslladar\u00e0 al Ministeri d&#8217;Hisenda una sol\u00b7licitud formal per a aconseguir el pronunciament de l&#8217;administraci\u00f3 durant les pr\u00f2ximes setmanes, permetent d&#8217;aquesta manera als transportistes disposar la seva activitat en funci\u00f3 de la resposta rebuda.<\/p>\n","protected":false},"excerpt":{"rendered":"<p>&nbsp; La Federaci\u00f3 Espanyola de Transport Discrecional de mercaderies (FETRANSA), que representa a un important nombre de transportistes aut\u00f2noms i que ha treballat els \u00faltims 6 anys per a la consecuci\u00f3 de successives pr\u00f2rrogues, reclama una resposta oficial d&#8217;Hisenda en aquest exercici, a fi d&#8217;evitar la incertesa que genera en la preocupant actualitat del sector [&hellip;]<\/p>\n","protected":false},"author":1,"featured_media":1837,"comment_status":"closed","ping_status":"closed","sticky":false,"template":"","format":"standard","meta":{"_acf_changed":false,"footnotes":""},"categories":[401],"tags":[431],"class_list":["post-2266","post","type-post","status-publish","format-standard","has-post-thumbnail","hentry","category-fetransa","tag-modulostransporte-por-carretera"],"acf":[],"_links":{"self":[{"href":"https:\/\/sintraportbcn.com\/ca\/wp-json\/wp\/v2\/posts\/2266","targetHints":{"allow":["GET"]}}],"collection":[{"href":"https:\/\/sintraportbcn.com\/ca\/wp-json\/wp\/v2\/posts"}],"about":[{"href":"https:\/\/sintraportbcn.com\/ca\/wp-json\/wp\/v2\/types\/post"}],"author":[{"embeddable":true,"href":"https:\/\/sintraportbcn.com\/ca\/wp-json\/wp\/v2\/users\/1"}],"replies":[{"embeddable":true,"href":"https:\/\/sintraportbcn.com\/ca\/wp-json\/wp\/v2\/comments?post=2266"}],"version-history":[{"count":0,"href":"https:\/\/sintraportbcn.com\/ca\/wp-json\/wp\/v2\/posts\/2266\/revisions"}],"wp:featuredmedia":[{"embeddable":true,"href":"https:\/\/sintraportbcn.com\/ca\/wp-json\/wp\/v2\/media\/1837"}],"wp:attachment":[{"href":"https:\/\/sintraportbcn.com\/ca\/wp-json\/wp\/v2\/media?parent=2266"}],"wp:term":[{"taxonomy":"category","embeddable":true,"href":"https:\/\/sintraportbcn.com\/ca\/wp-json\/wp\/v2\/categories?post=2266"},{"taxonomy":"post_tag","embeddable":true,"href":"https:\/\/sintraportbcn.com\/ca\/wp-json\/wp\/v2\/tags?post=2266"}],"curies":[{"name":"wp","href":"https:\/\/api.w.org\/{rel}","templated":true}]}}