{"id":2267,"date":"2022-06-21T16:53:23","date_gmt":"2022-06-21T14:53:23","guid":{"rendered":"https:\/\/sintraportbcn.indianwebs.es\/fenatport-es-reuneix-amb-el-nou-president-de-ports-de-lestat\/"},"modified":"2022-06-21T16:53:23","modified_gmt":"2022-06-21T14:53:23","slug":"fenatport-es-reuneix-amb-el-nou-president-de-ports-de-lestat","status":"publish","type":"post","link":"https:\/\/sintraportbcn.com\/ca\/fenatport-es-reuneix-amb-el-nou-president-de-ports-de-lestat\/","title":{"rendered":"Fenatport es reuneix amb el nou president de Ports de l&#8217;Estat"},"content":{"rendered":"<p>Ports de l&#8217;Estat.\u00a0Durant la reuni\u00f3 que va ser sol\u00b7licitada despr\u00e9s de l&#8217;\u00faltima Junta Directiva \u00a0de la Federaci\u00f3 de transportistes. Fenatport, ha conegut, de mans de \u00a0\u00c1lvaro Rodr\u00edguez Dapena, president de Ports de l&#8217;Estat, les principals actuacions a desenvolupar en el curt termini en mat\u00e8ria d&#8217;infraestructures en els principals \u00a0ports del pa\u00eds.<\/p>\n<p>La reuni\u00f3 a la qual ha assistit la junta directiva de la Federaci\u00f3, en la qual Sintraport assumeix la vicepresid\u00e8ncia, ha perm\u00e8s posar de manifest la necessitat d&#8217;actuar de manera decidida sobre \u00a0la realitat que viu el transport portuari, oferint una visi\u00f3 global sobre els principals problemes que es repeteixen en totes i cadascuna de les instal\u00b7lacions portu\u00e0ries en un moment especialment sensible en les diferents comunitats portu\u00e0ries.<\/p>\n<p>En el transcurs de la reuni\u00f3, \u00c1lvaro Rodr\u00edguez Dapena , acompanyat de Jose Antonio Lago, Director d&#8217;Explotaci\u00f3 de l&#8217;Organisme P\u00fablic, han pogut con\u00e8ixer la realitat del sector en relaci\u00f3 amb aspectes sobre els quals cal prendre decisions definitives i globals com \u00e9s el cas de les cues permanents que sofreixen els professionals dia rere dia, cues que com ja va denunciar en el seu moment Fenatport, s&#8217;han cronificado en els recintes portuaris i les terminals, representant per als professionals del transport, un problema tant econ\u00f2mic com de salut laboral.<\/p>\n<p>Per a Fenatport, aquestes cues es t<a href=\"http:\/\/www.sintraportbcn.com\/la-junta-directiva-de-sintraport-se-reune-con-el-presidente-de-puertos-del-estado\/\">radueixen en una important deterioraci\u00f3, tant econ\u00f2mic<\/a>, com en les condicions \u00a0socials en les quals es desenvolupa l&#8217;activitat, traslladant al professional un estr\u00e8s\u00a0 que est\u00e0 generant una complexa situaci\u00f3 \u00a0i que en el mitj\u00e0 termini pot condicionar negativament el necessari relleu generacional.<\/p>\n<p>Durant la reuni\u00f3, els m\u00e0xims responsables de Ports de l&#8217;Estat, han traslladat les mesures adoptades per aquest organisme en mat\u00e8ria d&#8217;inversions en cadascun dels ports, a fi de poder pal\u00b7liar una situaci\u00f3 que \u00e9s coneguda i compartida per l&#8217;Organisme Publico Ports de l&#8217;Estat.<\/p>\n<p>Fenatport ha insistit en la necessitat de mantenir i refor\u00e7ar la pres\u00e8ncia dels responsables dels transportistes portuaris en les taules de treball dels diferents ens portuaris, com a mesura que contribueix a millorar el resultat de les accions escomeses, en moments en els quals els ports s&#8217;enfronten a un previsible creixement d&#8217;activitat, amb instal\u00b7lacions que en molts casos dif\u00edcilment poden ser adaptades, excepte en aspectes relacionats amb l&#8217;efici\u00e8ncia en els procediments.<\/p>\n<p>Per a Fenatport, <a href=\"https:\/\/www.elestrechodigital.com\/2022\/06\/17\/fenatport-expone-a-puertos-del-estado-los-principales-problemas-que-afronta-el-sector\/\">la reuni\u00f3 suposa un important gest que ha de contribuir a pal\u00b7liar els efectes d&#8217;una situaci\u00f3 complexa per a les professionals que formen part fonamental del proc\u00e9s desenvolupat en els ports,\u00a0<\/a>\u00a0\u00a0Ha d&#8217;assenyalar-se, en aquest sentit, el coneixement sobre les situacions detallades de cadascun dels ports, expressat pels m\u00e0xims responsables de Ports de l&#8217;Estat.<\/p>\n","protected":false},"excerpt":{"rendered":"<p>Ports de l&#8217;Estat.\u00a0Durant la reuni\u00f3 que va ser sol\u00b7licitada despr\u00e9s de l&#8217;\u00faltima Junta Directiva \u00a0de la Federaci\u00f3 de transportistes. Fenatport, ha conegut, de mans de \u00a0\u00c1lvaro Rodr\u00edguez Dapena, president de Ports de l&#8217;Estat, les principals actuacions a desenvolupar en el curt termini en mat\u00e8ria d&#8217;infraestructures en els principals \u00a0ports del pa\u00eds. La reuni\u00f3 a la [&hellip;]<\/p>\n","protected":false},"author":1,"featured_media":1840,"comment_status":"closed","ping_status":"closed","sticky":false,"template":"","format":"standard","meta":{"_acf_changed":false,"footnotes":""},"categories":[375],"tags":[406],"class_list":["post-2267","post","type-post","status-publish","format-standard","has-post-thumbnail","hentry","category-fenatport","tag-sintraport"],"acf":[],"_links":{"self":[{"href":"https:\/\/sintraportbcn.com\/ca\/wp-json\/wp\/v2\/posts\/2267","targetHints":{"allow":["GET"]}}],"collection":[{"href":"https:\/\/sintraportbcn.com\/ca\/wp-json\/wp\/v2\/posts"}],"about":[{"href":"https:\/\/sintraportbcn.com\/ca\/wp-json\/wp\/v2\/types\/post"}],"author":[{"embeddable":true,"href":"https:\/\/sintraportbcn.com\/ca\/wp-json\/wp\/v2\/users\/1"}],"replies":[{"embeddable":true,"href":"https:\/\/sintraportbcn.com\/ca\/wp-json\/wp\/v2\/comments?post=2267"}],"version-history":[{"count":0,"href":"https:\/\/sintraportbcn.com\/ca\/wp-json\/wp\/v2\/posts\/2267\/revisions"}],"wp:featuredmedia":[{"embeddable":true,"href":"https:\/\/sintraportbcn.com\/ca\/wp-json\/wp\/v2\/media\/1840"}],"wp:attachment":[{"href":"https:\/\/sintraportbcn.com\/ca\/wp-json\/wp\/v2\/media?parent=2267"}],"wp:term":[{"taxonomy":"category","embeddable":true,"href":"https:\/\/sintraportbcn.com\/ca\/wp-json\/wp\/v2\/categories?post=2267"},{"taxonomy":"post_tag","embeddable":true,"href":"https:\/\/sintraportbcn.com\/ca\/wp-json\/wp\/v2\/tags?post=2267"}],"curies":[{"name":"wp","href":"https:\/\/api.w.org\/{rel}","templated":true}]}}