{"id":2405,"date":"2024-06-12T12:39:42","date_gmt":"2024-06-12T10:39:42","guid":{"rendered":"https:\/\/sintraportbcn.com\/?p=2405"},"modified":"2024-06-12T12:39:42","modified_gmt":"2024-06-12T10:39:42","slug":"fenatport-traslladara-a-ports-de-lestat-un-informe-sobre-el-transport-per-carretera-en-els-ports","status":"publish","type":"post","link":"https:\/\/sintraportbcn.com\/ca\/fenatport-traslladara-a-ports-de-lestat-un-informe-sobre-el-transport-per-carretera-en-els-ports\/","title":{"rendered":"Fenatport traslladar\u00e0 a Ports de l&#8217;Estat un informe sobre el transport per carretera en els ports"},"content":{"rendered":"<div class=\"traductor-textarea form-group\">\n<div class=\"textarea-desti col-xs-12 col-sm-6\">\n<h2 class=\"form-control second-textarea\"><strong>La Federaci\u00f3 Nacional d&#8217;Associacions de\u00a0Trasportistas\u00a0Portuaris (Fenatport), ha celebrat en val\u00e8ncia la seva Junta Directiva. Aquesta trobada ha perm\u00e8s, posar en com\u00fa la situaci\u00f3 que travessen els principals ports del nostre pa\u00eds, en relaci\u00f3 amb el transport de mercaderies per carretera.<\/strong><\/h2>\n<p>Aquesta trobada, al qual han assistit els responsables de\u00a0Asotrava\u00a0de Bilbao,\u00a0Sintraport\u00a0Barcelona,\u00a0Astraport\u00a0Castell\u00f3,\u00a0Tarracoport\u00a0Tarragona,\u00a0CTL\u00a0Val\u00e8ncia i\u00a0ATCBA\u00a0Algesires, ha posat de manifest la complexa situaci\u00f3 que viuen sense excepci\u00f3, els principals ports del pa\u00eds enfront d&#8217;una caiguda de tr\u00e0nsits que supera en alguns casos el 25%. Una realitat que afecta de manera especial, la superviv\u00e8ncia de moltes empreses del transport portuari.<\/p>\n<p>La reuni\u00f3, mantinguda en les instal\u00b7lacions de\u00a0Fenatport\u00a0en el Port de Val\u00e8ncia, ha perm\u00e8s acordar la necessitat de traslladar als m\u00e0xims responsables de Ports de l&#8217;Estat, algunes de les mancances b\u00e0siques a les quals el sector i els professionals que el conformen, han de fer front immediatament a fi de mantenir el nivell de servei i efic\u00e0cia que els nostres ports requereixen.<\/p>\n<p>En aquesta l\u00ednia, es comen\u00e7a a treballar en l&#8217;elaboraci\u00f3 d&#8217;un document que recopili les principals mancances, un document que ser\u00e0 traslladat a Ports de l&#8217;Estat, amb el clar objectiu d&#8217;impulsar aquestes millores que fomentin l&#8217;efici\u00e8ncia d&#8217;un treball, imprescindible per a mantenir la competitivitat dels ports.<\/p>\n<p>Entre les reclamacions m\u00e9s repetides, els responsables del transport portuari advoquen per l&#8217;impuls definitiu als processos de digitalitzaci\u00f3 i modernitzaci\u00f3, processos que tal com es demostra en els ports de Val\u00e8ncia i Barcelona, suposen un salt qualitatiu en els nivells de qualitat de servei, reduint substancialment el nombre d&#8217;incid\u00e8ncies al qual es enfrenan els professionals i repercutint, de manera directa en els temps d&#8217;espera.<\/p>\n<p>En un altre ordre de coses, la reuni\u00f3 de\u00a0Fenatport\u00a0ha acordat apostar per la defensa de mantenir les bonificacions al combustible m\u00e9s enll\u00e0 del 31 de desembre i la urg\u00e8ncia de definir la fiscalitat per als petits transportistes.<\/p>\n<p>Per ultimo\u00a0Fenatport\u00a0va assenyalar una vegada m\u00e9s la seva postura en contra que s&#8217;apliqui de manera immediata l&#8217;augment de les masses i dimensions en el transport terrestre en entendre que incrementar l&#8217;oferta de transport en aquests moments nom\u00e9s aportaria conflictivitat en el sector.<\/p>\n<\/div>\n<\/div>\n<div class=\"traductor-checkbox form-group\">\n<div class=\"row\">\n<div class=\"col-sm-offset-2 col-sm-5\"><span id=\"traductor-neteja\" class=\"icon-inline\" data-trigger=\"manual\" data-placement=\"right\"><i class=\"fa fa-eraser\" aria-hidden=\"true\"><\/i>\u00a0<\/span><span id=\"copy-text\" class=\"icon-inline\" data-trigger=\"manual\" data-placement=\"right\"><\/span><\/div>\n<\/div>\n<\/div>\n","protected":false},"excerpt":{"rendered":"<p>La Federaci\u00f3 Nacional d&#8217;Associacions de\u00a0Trasportistas\u00a0Portuaris (Fenatport), ha celebrat en val\u00e8ncia la seva Junta Directiva. Aquesta trobada ha perm\u00e8s, posar en com\u00fa la situaci\u00f3 que travessen els principals ports del nostre pa\u00eds, en relaci\u00f3 amb el transport de mercaderies per carretera. Aquesta trobada, al qual han assistit els responsables de\u00a0Asotrava\u00a0de Bilbao,\u00a0Sintraport\u00a0Barcelona,\u00a0Astraport\u00a0Castell\u00f3,\u00a0Tarracoport\u00a0Tarragona,\u00a0CTL\u00a0Val\u00e8ncia i\u00a0ATCBA\u00a0Algesires, ha posat de manifest [&hellip;]<\/p>\n","protected":false},"author":3,"featured_media":2404,"comment_status":"open","ping_status":"open","sticky":false,"template":"","format":"standard","meta":{"_acf_changed":false,"footnotes":""},"categories":[1],"tags":[],"class_list":["post-2405","post","type-post","status-publish","format-standard","has-post-thumbnail","hentry","category-sin-categorizar"],"acf":[],"_links":{"self":[{"href":"https:\/\/sintraportbcn.com\/ca\/wp-json\/wp\/v2\/posts\/2405","targetHints":{"allow":["GET"]}}],"collection":[{"href":"https:\/\/sintraportbcn.com\/ca\/wp-json\/wp\/v2\/posts"}],"about":[{"href":"https:\/\/sintraportbcn.com\/ca\/wp-json\/wp\/v2\/types\/post"}],"author":[{"embeddable":true,"href":"https:\/\/sintraportbcn.com\/ca\/wp-json\/wp\/v2\/users\/3"}],"replies":[{"embeddable":true,"href":"https:\/\/sintraportbcn.com\/ca\/wp-json\/wp\/v2\/comments?post=2405"}],"version-history":[{"count":2,"href":"https:\/\/sintraportbcn.com\/ca\/wp-json\/wp\/v2\/posts\/2405\/revisions"}],"predecessor-version":[{"id":2407,"href":"https:\/\/sintraportbcn.com\/ca\/wp-json\/wp\/v2\/posts\/2405\/revisions\/2407"}],"wp:featuredmedia":[{"embeddable":true,"href":"https:\/\/sintraportbcn.com\/ca\/wp-json\/wp\/v2\/media\/2404"}],"wp:attachment":[{"href":"https:\/\/sintraportbcn.com\/ca\/wp-json\/wp\/v2\/media?parent=2405"}],"wp:term":[{"taxonomy":"category","embeddable":true,"href":"https:\/\/sintraportbcn.com\/ca\/wp-json\/wp\/v2\/categories?post=2405"},{"taxonomy":"post_tag","embeddable":true,"href":"https:\/\/sintraportbcn.com\/ca\/wp-json\/wp\/v2\/tags?post=2405"}],"curies":[{"name":"wp","href":"https:\/\/api.w.org\/{rel}","templated":true}]}}